{"id":47745,"date":"2025-02-17T09:34:41","date_gmt":"2025-02-17T08:34:41","guid":{"rendered":"https:\/\/sportup.si\/?p=47745"},"modified":"2025-02-17T09:34:42","modified_gmt":"2025-02-17T08:34:42","slug":"tuesday-18-2-2025-volleyball-in-city-centre-is-cancelled","status":"publish","type":"post","link":"https:\/\/sportup.si\/en\/tuesday-18-2-2025-volleyball-in-city-centre-is-cancelled\/","title":{"rendered":"TUESDAY (18.2.2025) &#8211; VOLLEYBALL IN CITY CENTRE IS CANCELLED!"},"content":{"rendered":"\n<p>From Monday to Wednesday, gymnastics equipment will be set up in the gymnasium at the center of Koper for the purpose of conducting classes at O\u0160 Pier Paolo Vergerio il Vecchio. The equipment will not be removed, making volleyball play impossible.<\/p>\n\n\n\n<p>On Wednesday, the equipment will be cleared, and recreational activities will resume as usual.<\/p>\n\n\n\n<p>Volleyball will be available on Tuesday at <a href=\"https:\/\/sportup.si\/dogodki\/namizni-tenis-sts-2\/?occurrence=2025-02-18\">ST\u0160 Koper<\/a>.<\/p>\n\n\n\n<p>Thank you for your understanding!<\/p>\n\n\n\n<p>The \u0160port UP Team<\/p>\n","protected":false},"excerpt":{"rendered":"<p>From Monday to Wednesday, gymnastics equipment will be set up in the gymnasium at the center of Koper for the purpose of conducting classes at O\u0160 Pier Paolo Vergerio il Vecchio. The equipment will not be removed, making volleyball play impossible. On Wednesday, the equipment will be cleared, and recreational activities will resume as usual. [&hellip;]<\/p>\n","protected":false},"author":3,"featured_media":47741,"comment_status":"closed","ping_status":"closed","sticky":false,"template":"","format":"standard","meta":{"_et_pb_use_builder":"off","_et_pb_old_content":"","_et_gb_content_width":"","footnotes":""},"categories":[51],"tags":[],"class_list":["post-47745","post","type-post","status-publish","format-standard","has-post-thumbnail","hentry","category-news"],"yoast_head":"<!-- This site is optimized with the Yoast SEO plugin v27.5 - https:\/\/yoast.com\/product\/yoast-seo-wordpress\/ -->\n<title>TUESDAY (18.2.2025) &#8211; VOLLEYBALL IN CITY CENTRE IS CANCELLED! - \u0160portUP<\/title>\n<meta name=\"robots\" content=\"index, follow, max-snippet:-1, max-image-preview:large, max-video-preview:-1\" \/>\n<link rel=\"canonical\" href=\"https:\/\/sportup.si\/en\/tuesday-18-2-2025-volleyball-in-city-centre-is-cancelled\/\" \/>\n<meta property=\"og:locale\" content=\"en_US\" \/>\n<meta property=\"og:type\" content=\"article\" \/>\n<meta property=\"og:title\" content=\"TUESDAY (18.2.2025) &#8211; VOLLEYBALL IN CITY CENTRE IS CANCELLED! - \u0160portUP\" \/>\n<meta property=\"og:description\" content=\"From Monday to Wednesday, gymnastics equipment will be set up in the gymnasium at the center of Koper for the purpose of conducting classes at O\u0160 Pier Paolo Vergerio il Vecchio. The equipment will not be removed, making volleyball play impossible. On Wednesday, the equipment will be cleared, and recreational activities will resume as usual. [&hellip;]\" \/>\n<meta property=\"og:url\" content=\"https:\/\/sportup.si\/en\/tuesday-18-2-2025-volleyball-in-city-centre-is-cancelled\/\" \/>\n<meta property=\"og:site_name\" content=\"\u0160portUP\" \/>\n<meta property=\"article:published_time\" content=\"2025-02-17T08:34:41+00:00\" \/>\n<meta property=\"article:modified_time\" content=\"2025-02-17T08:34:42+00:00\" \/>\n<meta property=\"og:image\" content=\"https:\/\/sportup.si\/wp-content\/uploads\/2025\/02\/IG-objave-4.png\" \/>\n\t<meta property=\"og:image:width\" content=\"1080\" \/>\n\t<meta property=\"og:image:height\" content=\"1080\" \/>\n\t<meta property=\"og:image:type\" content=\"image\/png\" \/>\n<meta name=\"author\" content=\"luka\" \/>\n<meta name=\"twitter:card\" content=\"summary_large_image\" \/>\n<meta name=\"twitter:label1\" content=\"Written by\" \/>\n\t<meta name=\"twitter:data1\" content=\"luka\" \/>\n\t<meta name=\"twitter:label2\" content=\"Est. reading time\" \/>\n\t<meta name=\"twitter:data2\" content=\"1 minute\" \/>\n<script type=\"application\/ld+json\" class=\"yoast-schema-graph\">{\"@context\":\"https:\\\/\\\/schema.org\",\"@graph\":[{\"@type\":\"Article\",\"@id\":\"https:\\\/\\\/sportup.si\\\/en\\\/tuesday-18-2-2025-volleyball-in-city-centre-is-cancelled\\\/#article\",\"isPartOf\":{\"@id\":\"https:\\\/\\\/sportup.si\\\/en\\\/tuesday-18-2-2025-volleyball-in-city-centre-is-cancelled\\\/\"},\"author\":{\"name\":\"luka\",\"@id\":\"https:\\\/\\\/sportup.si\\\/#\\\/schema\\\/person\\\/181a5febee3d2779473cba6c0b1cdad7\"},\"headline\":\"TUESDAY (18.2.2025) &#8211; VOLLEYBALL IN CITY CENTRE IS CANCELLED!\",\"datePublished\":\"2025-02-17T08:34:41+00:00\",\"dateModified\":\"2025-02-17T08:34:42+00:00\",\"mainEntityOfPage\":{\"@id\":\"https:\\\/\\\/sportup.si\\\/en\\\/tuesday-18-2-2025-volleyball-in-city-centre-is-cancelled\\\/\"},\"wordCount\":80,\"image\":{\"@id\":\"https:\\\/\\\/sportup.si\\\/en\\\/tuesday-18-2-2025-volleyball-in-city-centre-is-cancelled\\\/#primaryimage\"},\"thumbnailUrl\":\"https:\\\/\\\/sportup.si\\\/wp-content\\\/uploads\\\/2025\\\/02\\\/IG-objave-4.png\",\"articleSection\":[\"News\"],\"inLanguage\":\"en-US\"},{\"@type\":\"WebPage\",\"@id\":\"https:\\\/\\\/sportup.si\\\/en\\\/tuesday-18-2-2025-volleyball-in-city-centre-is-cancelled\\\/\",\"url\":\"https:\\\/\\\/sportup.si\\\/en\\\/tuesday-18-2-2025-volleyball-in-city-centre-is-cancelled\\\/\",\"name\":\"TUESDAY (18.2.2025) &#8211; VOLLEYBALL IN CITY CENTRE IS CANCELLED! - \u0160portUP\",\"isPartOf\":{\"@id\":\"https:\\\/\\\/sportup.si\\\/#website\"},\"primaryImageOfPage\":{\"@id\":\"https:\\\/\\\/sportup.si\\\/en\\\/tuesday-18-2-2025-volleyball-in-city-centre-is-cancelled\\\/#primaryimage\"},\"image\":{\"@id\":\"https:\\\/\\\/sportup.si\\\/en\\\/tuesday-18-2-2025-volleyball-in-city-centre-is-cancelled\\\/#primaryimage\"},\"thumbnailUrl\":\"https:\\\/\\\/sportup.si\\\/wp-content\\\/uploads\\\/2025\\\/02\\\/IG-objave-4.png\",\"datePublished\":\"2025-02-17T08:34:41+00:00\",\"dateModified\":\"2025-02-17T08:34:42+00:00\",\"author\":{\"@id\":\"https:\\\/\\\/sportup.si\\\/#\\\/schema\\\/person\\\/181a5febee3d2779473cba6c0b1cdad7\"},\"breadcrumb\":{\"@id\":\"https:\\\/\\\/sportup.si\\\/en\\\/tuesday-18-2-2025-volleyball-in-city-centre-is-cancelled\\\/#breadcrumb\"},\"inLanguage\":\"en-US\",\"potentialAction\":[{\"@type\":\"ReadAction\",\"target\":[\"https:\\\/\\\/sportup.si\\\/en\\\/tuesday-18-2-2025-volleyball-in-city-centre-is-cancelled\\\/\"]}]},{\"@type\":\"ImageObject\",\"inLanguage\":\"en-US\",\"@id\":\"https:\\\/\\\/sportup.si\\\/en\\\/tuesday-18-2-2025-volleyball-in-city-centre-is-cancelled\\\/#primaryimage\",\"url\":\"https:\\\/\\\/sportup.si\\\/wp-content\\\/uploads\\\/2025\\\/02\\\/IG-objave-4.png\",\"contentUrl\":\"https:\\\/\\\/sportup.si\\\/wp-content\\\/uploads\\\/2025\\\/02\\\/IG-objave-4.png\",\"width\":1080,\"height\":1080},{\"@type\":\"BreadcrumbList\",\"@id\":\"https:\\\/\\\/sportup.si\\\/en\\\/tuesday-18-2-2025-volleyball-in-city-centre-is-cancelled\\\/#breadcrumb\",\"itemListElement\":[{\"@type\":\"ListItem\",\"position\":1,\"name\":\"Home\",\"item\":\"https:\\\/\\\/sportup.si\\\/\"},{\"@type\":\"ListItem\",\"position\":2,\"name\":\"TUESDAY (18.2.2025) &#8211; VOLLEYBALL IN CITY CENTRE IS CANCELLED!\"}]},{\"@type\":\"WebSite\",\"@id\":\"https:\\\/\\\/sportup.si\\\/#website\",\"url\":\"https:\\\/\\\/sportup.si\\\/\",\"name\":\"\u0160portUP\",\"description\":\"\u0160tudentska rekreacija za vse \u0161tudente UP.\",\"potentialAction\":[{\"@type\":\"SearchAction\",\"target\":{\"@type\":\"EntryPoint\",\"urlTemplate\":\"https:\\\/\\\/sportup.si\\\/?s={search_term_string}\"},\"query-input\":{\"@type\":\"PropertyValueSpecification\",\"valueRequired\":true,\"valueName\":\"search_term_string\"}}],\"inLanguage\":\"en-US\"},{\"@type\":\"Person\",\"@id\":\"https:\\\/\\\/sportup.si\\\/#\\\/schema\\\/person\\\/181a5febee3d2779473cba6c0b1cdad7\",\"name\":\"luka\",\"image\":{\"@type\":\"ImageObject\",\"inLanguage\":\"en-US\",\"@id\":\"https:\\\/\\\/secure.gravatar.com\\\/avatar\\\/6014e5c50ce35362f843e8b928adce3fdca99800811192e996c5ce518bd9cfae?s=96&d=mm&r=g\",\"url\":\"https:\\\/\\\/secure.gravatar.com\\\/avatar\\\/6014e5c50ce35362f843e8b928adce3fdca99800811192e996c5ce518bd9cfae?s=96&d=mm&r=g\",\"contentUrl\":\"https:\\\/\\\/secure.gravatar.com\\\/avatar\\\/6014e5c50ce35362f843e8b928adce3fdca99800811192e996c5ce518bd9cfae?s=96&d=mm&r=g\",\"caption\":\"luka\"},\"url\":\"https:\\\/\\\/sportup.si\\\/en\\\/author\\\/luka\\\/\"}]}<\/script>\n<!-- \/ Yoast SEO plugin. -->","yoast_head_json":{"title":"TUESDAY (18.2.2025) &#8211; VOLLEYBALL IN CITY CENTRE IS CANCELLED! - \u0160portUP","robots":{"index":"index","follow":"follow","max-snippet":"max-snippet:-1","max-image-preview":"max-image-preview:large","max-video-preview":"max-video-preview:-1"},"canonical":"https:\/\/sportup.si\/en\/tuesday-18-2-2025-volleyball-in-city-centre-is-cancelled\/","og_locale":"en_US","og_type":"article","og_title":"TUESDAY (18.2.2025) &#8211; VOLLEYBALL IN CITY CENTRE IS CANCELLED! - \u0160portUP","og_description":"From Monday to Wednesday, gymnastics equipment will be set up in the gymnasium at the center of Koper for the purpose of conducting classes at O\u0160 Pier Paolo Vergerio il Vecchio. The equipment will not be removed, making volleyball play impossible. On Wednesday, the equipment will be cleared, and recreational activities will resume as usual. [&hellip;]","og_url":"https:\/\/sportup.si\/en\/tuesday-18-2-2025-volleyball-in-city-centre-is-cancelled\/","og_site_name":"\u0160portUP","article_published_time":"2025-02-17T08:34:41+00:00","article_modified_time":"2025-02-17T08:34:42+00:00","og_image":[{"width":1080,"height":1080,"url":"https:\/\/sportup.si\/wp-content\/uploads\/2025\/02\/IG-objave-4.png","type":"image\/png"}],"author":"luka","twitter_card":"summary_large_image","twitter_misc":{"Written by":"luka","Est. reading time":"1 minute"},"schema":{"@context":"https:\/\/schema.org","@graph":[{"@type":"Article","@id":"https:\/\/sportup.si\/en\/tuesday-18-2-2025-volleyball-in-city-centre-is-cancelled\/#article","isPartOf":{"@id":"https:\/\/sportup.si\/en\/tuesday-18-2-2025-volleyball-in-city-centre-is-cancelled\/"},"author":{"name":"luka","@id":"https:\/\/sportup.si\/#\/schema\/person\/181a5febee3d2779473cba6c0b1cdad7"},"headline":"TUESDAY (18.2.2025) &#8211; VOLLEYBALL IN CITY CENTRE IS CANCELLED!","datePublished":"2025-02-17T08:34:41+00:00","dateModified":"2025-02-17T08:34:42+00:00","mainEntityOfPage":{"@id":"https:\/\/sportup.si\/en\/tuesday-18-2-2025-volleyball-in-city-centre-is-cancelled\/"},"wordCount":80,"image":{"@id":"https:\/\/sportup.si\/en\/tuesday-18-2-2025-volleyball-in-city-centre-is-cancelled\/#primaryimage"},"thumbnailUrl":"https:\/\/sportup.si\/wp-content\/uploads\/2025\/02\/IG-objave-4.png","articleSection":["News"],"inLanguage":"en-US"},{"@type":"WebPage","@id":"https:\/\/sportup.si\/en\/tuesday-18-2-2025-volleyball-in-city-centre-is-cancelled\/","url":"https:\/\/sportup.si\/en\/tuesday-18-2-2025-volleyball-in-city-centre-is-cancelled\/","name":"TUESDAY (18.2.2025) &#8211; VOLLEYBALL IN CITY CENTRE IS CANCELLED! - \u0160portUP","isPartOf":{"@id":"https:\/\/sportup.si\/#website"},"primaryImageOfPage":{"@id":"https:\/\/sportup.si\/en\/tuesday-18-2-2025-volleyball-in-city-centre-is-cancelled\/#primaryimage"},"image":{"@id":"https:\/\/sportup.si\/en\/tuesday-18-2-2025-volleyball-in-city-centre-is-cancelled\/#primaryimage"},"thumbnailUrl":"https:\/\/sportup.si\/wp-content\/uploads\/2025\/02\/IG-objave-4.png","datePublished":"2025-02-17T08:34:41+00:00","dateModified":"2025-02-17T08:34:42+00:00","author":{"@id":"https:\/\/sportup.si\/#\/schema\/person\/181a5febee3d2779473cba6c0b1cdad7"},"breadcrumb":{"@id":"https:\/\/sportup.si\/en\/tuesday-18-2-2025-volleyball-in-city-centre-is-cancelled\/#breadcrumb"},"inLanguage":"en-US","potentialAction":[{"@type":"ReadAction","target":["https:\/\/sportup.si\/en\/tuesday-18-2-2025-volleyball-in-city-centre-is-cancelled\/"]}]},{"@type":"ImageObject","inLanguage":"en-US","@id":"https:\/\/sportup.si\/en\/tuesday-18-2-2025-volleyball-in-city-centre-is-cancelled\/#primaryimage","url":"https:\/\/sportup.si\/wp-content\/uploads\/2025\/02\/IG-objave-4.png","contentUrl":"https:\/\/sportup.si\/wp-content\/uploads\/2025\/02\/IG-objave-4.png","width":1080,"height":1080},{"@type":"BreadcrumbList","@id":"https:\/\/sportup.si\/en\/tuesday-18-2-2025-volleyball-in-city-centre-is-cancelled\/#breadcrumb","itemListElement":[{"@type":"ListItem","position":1,"name":"Home","item":"https:\/\/sportup.si\/"},{"@type":"ListItem","position":2,"name":"TUESDAY (18.2.2025) &#8211; VOLLEYBALL IN CITY CENTRE IS CANCELLED!"}]},{"@type":"WebSite","@id":"https:\/\/sportup.si\/#website","url":"https:\/\/sportup.si\/","name":"\u0160portUP","description":"\u0160tudentska rekreacija za vse \u0161tudente UP.","potentialAction":[{"@type":"SearchAction","target":{"@type":"EntryPoint","urlTemplate":"https:\/\/sportup.si\/?s={search_term_string}"},"query-input":{"@type":"PropertyValueSpecification","valueRequired":true,"valueName":"search_term_string"}}],"inLanguage":"en-US"},{"@type":"Person","@id":"https:\/\/sportup.si\/#\/schema\/person\/181a5febee3d2779473cba6c0b1cdad7","name":"luka","image":{"@type":"ImageObject","inLanguage":"en-US","@id":"https:\/\/secure.gravatar.com\/avatar\/6014e5c50ce35362f843e8b928adce3fdca99800811192e996c5ce518bd9cfae?s=96&d=mm&r=g","url":"https:\/\/secure.gravatar.com\/avatar\/6014e5c50ce35362f843e8b928adce3fdca99800811192e996c5ce518bd9cfae?s=96&d=mm&r=g","contentUrl":"https:\/\/secure.gravatar.com\/avatar\/6014e5c50ce35362f843e8b928adce3fdca99800811192e996c5ce518bd9cfae?s=96&d=mm&r=g","caption":"luka"},"url":"https:\/\/sportup.si\/en\/author\/luka\/"}]}},"_links":{"self":[{"href":"https:\/\/sportup.si\/en\/wp-json\/wp\/v2\/posts\/47745","targetHints":{"allow":["GET"]}}],"collection":[{"href":"https:\/\/sportup.si\/en\/wp-json\/wp\/v2\/posts"}],"about":[{"href":"https:\/\/sportup.si\/en\/wp-json\/wp\/v2\/types\/post"}],"author":[{"embeddable":true,"href":"https:\/\/sportup.si\/en\/wp-json\/wp\/v2\/users\/3"}],"replies":[{"embeddable":true,"href":"https:\/\/sportup.si\/en\/wp-json\/wp\/v2\/comments?post=47745"}],"version-history":[{"count":2,"href":"https:\/\/sportup.si\/en\/wp-json\/wp\/v2\/posts\/47745\/revisions"}],"predecessor-version":[{"id":47749,"href":"https:\/\/sportup.si\/en\/wp-json\/wp\/v2\/posts\/47745\/revisions\/47749"}],"wp:featuredmedia":[{"embeddable":true,"href":"https:\/\/sportup.si\/en\/wp-json\/wp\/v2\/media\/47741"}],"wp:attachment":[{"href":"https:\/\/sportup.si\/en\/wp-json\/wp\/v2\/media?parent=47745"}],"wp:term":[{"taxonomy":"category","embeddable":true,"href":"https:\/\/sportup.si\/en\/wp-json\/wp\/v2\/categories?post=47745"},{"taxonomy":"post_tag","embeddable":true,"href":"https:\/\/sportup.si\/en\/wp-json\/wp\/v2\/tags?post=47745"}],"curies":[{"name":"wp","href":"https:\/\/api.w.org\/{rel}","templated":true}]}}